{"id":17762,"date":"2021-06-14T18:34:13","date_gmt":"2021-06-14T16:34:13","guid":{"rendered":"https:\/\/mastinell.com\/?p=17762"},"modified":"2022-01-12T12:28:52","modified_gmt":"2022-01-12T11:28:52","slug":"escapada-al-penedes-en-primavera","status":"publish","type":"post","link":"https:\/\/shop.mastinell.com\/ca\/escapada-al-penedes-en-primavera\/","title":{"rendered":"Escapada al Pened\u00e9s en primavera con Mastinell"},"content":{"rendered":"\t\t<div data-elementor-type=\"wp-post\" data-elementor-id=\"17762\" class=\"elementor elementor-17762\" data-elementor-post-type=\"post\">\n\t\t\t\t\t\t<section class=\"elementor-section elementor-top-section elementor-element elementor-element-9c41ab9 elementor-section-boxed elementor-section-height-default elementor-section-height-default\" data-id=\"9c41ab9\" data-element_type=\"section\">\n\t\t\t\t\t\t<div class=\"elementor-container elementor-column-gap-default\">\n\t\t\t\t\t<div class=\"elementor-column elementor-col-50 elementor-top-column elementor-element elementor-element-d34048d\" data-id=\"d34048d\" data-element_type=\"column\">\n\t\t\t<div class=\"elementor-widget-wrap elementor-element-populated\">\n\t\t\t\t\t\t<div class=\"elementor-element elementor-element-9282499 elementor-widget elementor-widget-text-editor\" data-id=\"9282499\" data-element_type=\"widget\" data-widget_type=\"text-editor.default\">\n\t\t\t\t<div class=\"elementor-widget-container\">\n\t\t\t\t\t\t\t\t\t<p>Una escapada al Pened\u00e9s: una joya por descubrir cerca ti.<br \/>Seguro que a estas alturas, te apetece desconectar, despejar tu mente, tu<br \/>cuerpo y tu alma, disfrutar de libertad y del aire libre. Y seguro que te has<br \/>dado cuenta de que en el Pened\u00e9s tenemos joyas por descubrir cerca de<br \/>casa.<\/p>\t\t\t\t\t\t\t\t<\/div>\n\t\t\t\t<\/div>\n\t\t\t\t\t<\/div>\n\t\t<\/div>\n\t\t\t\t<div class=\"elementor-column elementor-col-50 elementor-top-column elementor-element elementor-element-8ea6c58\" data-id=\"8ea6c58\" data-element_type=\"column\">\n\t\t\t<div class=\"elementor-widget-wrap elementor-element-populated\">\n\t\t\t\t\t\t<div class=\"elementor-element elementor-element-425eb79 elementor-widget elementor-widget-image\" data-id=\"425eb79\" data-element_type=\"widget\" data-widget_type=\"image.default\">\n\t\t\t\t<div class=\"elementor-widget-container\">\n\t\t\t\t\t\t\t\t\t\t\t\t\t\t\t<img fetchpriority=\"high\" decoding=\"async\" width=\"660\" height=\"400\" src=\"https:\/\/shop.mastinell.com\/wp-content\/uploads\/2021\/04\/entrada-1.jpg\" class=\"attachment-large size-large wp-image-17763\" alt=\"\" srcset=\"https:\/\/shop.mastinell.com\/wp-content\/uploads\/2021\/04\/entrada-1.jpg 660w, https:\/\/shop.mastinell.com\/wp-content\/uploads\/2021\/04\/entrada-1-300x182.jpg 300w, https:\/\/shop.mastinell.com\/wp-content\/uploads\/2021\/04\/entrada-1-16x10.jpg 16w\" sizes=\"(max-width: 660px) 100vw, 660px\" \/>\t\t\t\t\t\t\t\t\t\t\t\t\t\t\t<\/div>\n\t\t\t\t<\/div>\n\t\t\t\t\t<\/div>\n\t\t<\/div>\n\t\t\t\t\t<\/div>\n\t\t<\/section>\n\t\t\t\t<section class=\"elementor-section elementor-top-section elementor-element elementor-element-caa5c10 elementor-section-boxed elementor-section-height-default elementor-section-height-default\" data-id=\"caa5c10\" data-element_type=\"section\">\n\t\t\t\t\t\t<div class=\"elementor-container elementor-column-gap-default\">\n\t\t\t\t\t<div class=\"elementor-column elementor-col-100 elementor-top-column elementor-element elementor-element-9ffd984\" data-id=\"9ffd984\" data-element_type=\"column\">\n\t\t\t<div class=\"elementor-widget-wrap elementor-element-populated\">\n\t\t\t\t\t\t<div class=\"elementor-element elementor-element-cab9b13 elementor-widget elementor-widget-heading\" data-id=\"cab9b13\" data-element_type=\"widget\" data-widget_type=\"heading.default\">\n\t\t\t\t<div class=\"elementor-widget-container\">\n\t\t\t\t\t<h2 class=\"elementor-heading-title elementor-size-default\">Por eso, te proponemos una escapada entre vi\u00f1edos, bosques y playas para esta primavera.<\/h2>\t\t\t\t<\/div>\n\t\t\t\t<\/div>\n\t\t\t\t\t<\/div>\n\t\t<\/div>\n\t\t\t\t\t<\/div>\n\t\t<\/section>\n\t\t\t\t<section class=\"elementor-section elementor-top-section elementor-element elementor-element-6423e26 elementor-section-boxed elementor-section-height-default elementor-section-height-default\" data-id=\"6423e26\" data-element_type=\"section\">\n\t\t\t\t\t\t<div class=\"elementor-container elementor-column-gap-default\">\n\t\t\t\t\t<div class=\"elementor-column elementor-col-100 elementor-top-column elementor-element elementor-element-144e197\" data-id=\"144e197\" data-element_type=\"column\">\n\t\t\t<div class=\"elementor-widget-wrap elementor-element-populated\">\n\t\t\t\t\t\t<div class=\"elementor-element elementor-element-9bc935d elementor-widget elementor-widget-text-editor\" data-id=\"9bc935d\" data-element_type=\"widget\" data-widget_type=\"text-editor.default\">\n\t\t\t\t<div class=\"elementor-widget-container\">\n\t\t\t\t\t\t\t\t\t<p>En primer lugar, no puedes venir al Pened\u00e8s y no vivir de cerca una\u00a0experiencia vinculada al mundo de la vi\u00f1a y el cava. Con m\u00e1s de 70\u00a0bodegas visitables. Aqu\u00ed reunimos una de las ofertas de enoturismo m\u00e1s\u00a0amplias de todo el pa\u00eds, manteniendo un car\u00e1cter cercano y aut\u00e9ntico.\u00a0Asimismo, en Mastinell, adem\u00e1s de visitar nuestra bodega y conocer nuestra\u00a0filosof\u00eda y forma de hacer, podr\u00e1s vivir una experiencia gastron\u00f3mica y de\u00a0degustaci\u00f3n \u00fanica, en nuestro espacio Gastron\u00f3mico En Rima, o dormir en\u00a0uno de los hoteles de 5 estrellas m\u00e1s singulares de Barcelona y con unas\u00a0vistas privilegiadas a las vi\u00f1as y a las bodegas.<\/p>\t\t\t\t\t\t\t\t<\/div>\n\t\t\t\t<\/div>\n\t\t\t\t\t<\/div>\n\t\t<\/div>\n\t\t\t\t\t<\/div>\n\t\t<\/section>\n\t\t\t\t<section class=\"elementor-section elementor-top-section elementor-element elementor-element-2fbdf26 elementor-section-boxed elementor-section-height-default elementor-section-height-default\" data-id=\"2fbdf26\" data-element_type=\"section\">\n\t\t\t\t\t\t<div class=\"elementor-container elementor-column-gap-default\">\n\t\t\t\t\t<div class=\"elementor-column elementor-col-100 elementor-top-column elementor-element elementor-element-6530c13\" data-id=\"6530c13\" data-element_type=\"column\">\n\t\t\t<div class=\"elementor-widget-wrap elementor-element-populated\">\n\t\t\t\t\t\t<div class=\"elementor-element elementor-element-95831bb elementor-widget elementor-widget-heading\" data-id=\"95831bb\" data-element_type=\"widget\" data-widget_type=\"heading.default\">\n\t\t\t\t<div class=\"elementor-widget-container\">\n\t\t\t\t\t<h3 class=\"elementor-heading-title elementor-size-default\">\u00bfPero adem\u00e1s de hacer enoturismo, qu\u00e9 m\u00e1s puedes hacer en una escapada al Pened\u00e9s?<\/h3>\t\t\t\t<\/div>\n\t\t\t\t<\/div>\n\t\t\t\t\t<\/div>\n\t\t<\/div>\n\t\t\t\t\t<\/div>\n\t\t<\/section>\n\t\t\t\t<section class=\"elementor-section elementor-top-section elementor-element elementor-element-0cea65f elementor-section-boxed elementor-section-height-default elementor-section-height-default\" data-id=\"0cea65f\" data-element_type=\"section\">\n\t\t\t\t\t\t<div class=\"elementor-container elementor-column-gap-default\">\n\t\t\t\t\t<div class=\"elementor-column elementor-col-100 elementor-top-column elementor-element elementor-element-c4f708b\" data-id=\"c4f708b\" data-element_type=\"column\">\n\t\t\t<div class=\"elementor-widget-wrap elementor-element-populated\">\n\t\t\t\t\t\t<div class=\"elementor-element elementor-element-dae28a2 elementor-widget elementor-widget-text-editor\" data-id=\"dae28a2\" data-element_type=\"widget\" data-widget_type=\"text-editor.default\">\n\t\t\t\t<div class=\"elementor-widget-container\">\n\t\t\t\t\t\t\t\t\t<p>Si buscas una escapada que fusione enolog\u00eda, una gastronom\u00eda de primera,&nbsp;<span style=\"font-size: 18px; letter-spacing: 0px;\">mar y monta\u00f1a, el Pened\u00e9s te ofrece la soluci\u00f3n perfecta a tu dilema&nbsp;<\/span><span style=\"font-size: 18px; letter-spacing: 0px;\">viajero en tiempos de Covid.<\/span><\/p>\n<p>Una de las propuestas estrella para disfrutar de una escapada al Pened\u00e9s&nbsp;<span style=\"font-size: 18px; letter-spacing: 0px;\">completa es disfrutar de la naturaleza desde una perspectiva diferente, ya&nbsp;<\/span><span style=\"font-size: 18px; letter-spacing: 0px;\">que adem\u00e1s de vi\u00f1edos, contamos con un rico paisaje de bosque y&nbsp;<\/span><span style=\"font-size: 18px; letter-spacing: 0px;\">preciosas y kilom\u00e9tricas playas de arena fina y aguas tranquilas.<\/span><\/p>\t\t\t\t\t\t\t\t<\/div>\n\t\t\t\t<\/div>\n\t\t\t\t\t<\/div>\n\t\t<\/div>\n\t\t\t\t\t<\/div>\n\t\t<\/section>\n\t\t\t\t<section class=\"elementor-section elementor-top-section elementor-element elementor-element-b3480d5 elementor-section-boxed elementor-section-height-default elementor-section-height-default\" data-id=\"b3480d5\" data-element_type=\"section\">\n\t\t\t\t\t\t<div class=\"elementor-container elementor-column-gap-default\">\n\t\t\t\t\t<div class=\"elementor-column elementor-col-100 elementor-top-column elementor-element elementor-element-7679d03\" data-id=\"7679d03\" data-element_type=\"column\">\n\t\t\t<div class=\"elementor-widget-wrap elementor-element-populated\">\n\t\t\t\t\t\t<div class=\"elementor-element elementor-element-9dda1eb elementor-widget elementor-widget-text-editor\" data-id=\"9dda1eb\" data-element_type=\"widget\" data-widget_type=\"text-editor.default\">\n\t\t\t\t<div class=\"elementor-widget-container\">\n\t\t\t\t\t\t\t\t\t<p>Respirar aire puro en el Parc del Foix, disfrutar del agua en el Parc dels Talls o en el entorno de Les Dous y del sol y las playas del Garraf y de Baix Pened\u00e8s.<\/p>\t\t\t\t\t\t\t\t<\/div>\n\t\t\t\t<\/div>\n\t\t\t\t\t<\/div>\n\t\t<\/div>\n\t\t\t\t\t<\/div>\n\t\t<\/section>\n\t\t\t\t<section class=\"elementor-section elementor-top-section elementor-element elementor-element-d3f5647 elementor-section-boxed elementor-section-height-default elementor-section-height-default\" data-id=\"d3f5647\" data-element_type=\"section\">\n\t\t\t\t\t\t<div class=\"elementor-container elementor-column-gap-default\">\n\t\t\t\t\t<div class=\"elementor-column elementor-col-100 elementor-top-column elementor-element elementor-element-91e5b7b\" data-id=\"91e5b7b\" data-element_type=\"column\">\n\t\t\t<div class=\"elementor-widget-wrap elementor-element-populated\">\n\t\t\t\t\t\t<div class=\"elementor-element elementor-element-859e898 elementor-widget elementor-widget-text-editor\" data-id=\"859e898\" data-element_type=\"widget\" data-widget_type=\"text-editor.default\">\n\t\t\t\t<div class=\"elementor-widget-container\">\n\t\t\t\t\t\t\t\t\t<p>Un destino en el que no faltan caminos, senderos entre vi\u00f1as y antiguas v\u00edas&nbsp;<span style=\"font-size: 18px; letter-spacing: 0px;\">de paso que posibilitan la creaci\u00f3n de estupendas rutas para los&nbsp;<\/span><span style=\"font-size: 18px; letter-spacing: 0px;\">apasionados del senderismo, del cicloturismo y la BTT, o de las excursiones&nbsp;<\/span><span style=\"font-size: 18px; letter-spacing: 0px;\">a caballo. Actividades que discurren siempre entre impresionantes paisajes&nbsp;<\/span><span style=\"font-size: 18px; letter-spacing: 0px;\">que alternan llanuras y monta\u00f1as, acantilados, bosques, amplias praderas y&nbsp;<\/span><span style=\"font-size: 18px; letter-spacing: 0px;\">r\u00edos claros como el cristal&#8230;. \u00a1Las opciones son infinitas! Pero sea cual sea la&nbsp;<\/span><span style=\"font-size: 18px; letter-spacing: 0px;\">experiencia que elijas, seguro que querr\u00e1s volver.<\/span><\/p>\t\t\t\t\t\t\t\t<\/div>\n\t\t\t\t<\/div>\n\t\t\t\t\t<\/div>\n\t\t<\/div>\n\t\t\t\t\t<\/div>\n\t\t<\/section>\n\t\t\t\t<\/div>\n\t\t","protected":false},"excerpt":{"rendered":"<p>Una escapada al Pened\u00e9s: una joya por descubrir cerca ti. Seguro que a estas alturas, te apetece desconectar, despejar tu mente, tu cuerpo y tu alma, disfrutar de libertad y del aire libre. Y seguro que te has dado cuenta de que en el Pened\u00e9s tenemos joyas por descubrir cerca de casa. Por eso, te [&hellip;]<\/p>\n","protected":false},"author":2,"featured_media":17763,"comment_status":"closed","ping_status":"open","sticky":false,"template":"","format":"standard","meta":{"_acf_changed":false,"footnotes":""},"categories":[1],"tags":[],"class_list":["post-17762","post","type-post","status-publish","format-standard","has-post-thumbnail","hentry","category-sin-categorizar"],"acf":[],"yoast_head":"<!-- This site is optimized with the Yoast SEO plugin v27.5 - https:\/\/yoast.com\/product\/yoast-seo-wordpress\/ -->\n<title>Escapada al Pened\u00e9s en primavera con Mastinell - Mastinell<\/title>\n<meta name=\"robots\" content=\"index, follow, max-snippet:-1, max-image-preview:large, max-video-preview:-1\" \/>\n<link rel=\"canonical\" href=\"https:\/\/mastinell.agencialiverpool.test\/escapada-al-penedes-en-primavera\/\" \/>\n<meta property=\"og:locale\" content=\"ca_ES\" \/>\n<meta property=\"og:type\" content=\"article\" \/>\n<meta property=\"og:title\" content=\"Escapada al Pened\u00e9s en primavera con Mastinell - Mastinell\" \/>\n<meta property=\"og:description\" content=\"Una escapada al Pened\u00e9s: una joya por descubrir cerca ti. Seguro que a estas alturas, te apetece desconectar, despejar tu mente, tu cuerpo y tu alma, disfrutar de libertad y del aire libre. Y seguro que te has dado cuenta de que en el Pened\u00e9s tenemos joyas por descubrir cerca de casa. Por eso, te [&hellip;]\" \/>\n<meta property=\"og:url\" content=\"https:\/\/mastinell.agencialiverpool.test\/escapada-al-penedes-en-primavera\/\" \/>\n<meta property=\"og:site_name\" content=\"Mastinell\" \/>\n<meta property=\"article:publisher\" content=\"https:\/\/www.facebook.com\/CavaHotelMastinell\" \/>\n<meta property=\"article:published_time\" content=\"2021-06-14T16:34:13+00:00\" \/>\n<meta property=\"article:modified_time\" content=\"2022-01-12T11:28:52+00:00\" \/>\n<meta property=\"og:image\" content=\"https:\/\/mastinell.agencialiverpool.test\/wp-content\/uploads\/2021\/04\/entrada-1.jpg\" \/>\n\t<meta property=\"og:image:width\" content=\"660\" \/>\n\t<meta property=\"og:image:height\" content=\"400\" \/>\n\t<meta property=\"og:image:type\" content=\"image\/jpeg\" \/>\n<meta name=\"author\" content=\"Bruguers\" \/>\n<meta name=\"twitter:card\" content=\"summary_large_image\" \/>\n<meta name=\"twitter:label1\" content=\"Escrit per\" \/>\n\t<meta name=\"twitter:data1\" content=\"Bruguers\" \/>\n\t<meta name=\"twitter:label2\" content=\"Temps estimat de lectura\" \/>\n\t<meta name=\"twitter:data2\" content=\"2 minuts\" \/>\n<script type=\"application\/ld+json\" class=\"yoast-schema-graph\">{\"@context\":\"https:\\\/\\\/schema.org\",\"@graph\":[{\"@type\":\"Article\",\"@id\":\"https:\\\/\\\/mastinell.agencialiverpool.test\\\/escapada-al-penedes-en-primavera\\\/#article\",\"isPartOf\":{\"@id\":\"https:\\\/\\\/mastinell.agencialiverpool.test\\\/escapada-al-penedes-en-primavera\\\/\"},\"author\":{\"name\":\"Bruguers\",\"@id\":\"https:\\\/\\\/mastinell.agencialiverpool.test\\\/#\\\/schema\\\/person\\\/5037a6d9f8f9923bec5e85a602790b47\"},\"headline\":\"Escapada al Pened\u00e9s en primavera con Mastinell\",\"datePublished\":\"2021-06-14T16:34:13+00:00\",\"dateModified\":\"2022-01-12T11:28:52+00:00\",\"mainEntityOfPage\":{\"@id\":\"https:\\\/\\\/mastinell.agencialiverpool.test\\\/escapada-al-penedes-en-primavera\\\/\"},\"wordCount\":416,\"publisher\":{\"@id\":\"https:\\\/\\\/mastinell.agencialiverpool.test\\\/#organization\"},\"image\":{\"@id\":\"https:\\\/\\\/mastinell.agencialiverpool.test\\\/escapada-al-penedes-en-primavera\\\/#primaryimage\"},\"thumbnailUrl\":\"https:\\\/\\\/shop.mastinell.com\\\/wp-content\\\/uploads\\\/2021\\\/04\\\/entrada-1.jpg\",\"articleSection\":[\"Sin categorizar\"],\"inLanguage\":\"ca\"},{\"@type\":\"WebPage\",\"@id\":\"https:\\\/\\\/mastinell.agencialiverpool.test\\\/escapada-al-penedes-en-primavera\\\/\",\"url\":\"https:\\\/\\\/mastinell.agencialiverpool.test\\\/escapada-al-penedes-en-primavera\\\/\",\"name\":\"Escapada al Pened\u00e9s en primavera con Mastinell - Mastinell\",\"isPartOf\":{\"@id\":\"https:\\\/\\\/mastinell.agencialiverpool.test\\\/#website\"},\"primaryImageOfPage\":{\"@id\":\"https:\\\/\\\/mastinell.agencialiverpool.test\\\/escapada-al-penedes-en-primavera\\\/#primaryimage\"},\"image\":{\"@id\":\"https:\\\/\\\/mastinell.agencialiverpool.test\\\/escapada-al-penedes-en-primavera\\\/#primaryimage\"},\"thumbnailUrl\":\"https:\\\/\\\/shop.mastinell.com\\\/wp-content\\\/uploads\\\/2021\\\/04\\\/entrada-1.jpg\",\"datePublished\":\"2021-06-14T16:34:13+00:00\",\"dateModified\":\"2022-01-12T11:28:52+00:00\",\"breadcrumb\":{\"@id\":\"https:\\\/\\\/mastinell.agencialiverpool.test\\\/escapada-al-penedes-en-primavera\\\/#breadcrumb\"},\"inLanguage\":\"ca\",\"potentialAction\":[{\"@type\":\"ReadAction\",\"target\":[\"https:\\\/\\\/mastinell.agencialiverpool.test\\\/escapada-al-penedes-en-primavera\\\/\"]}]},{\"@type\":\"ImageObject\",\"inLanguage\":\"ca\",\"@id\":\"https:\\\/\\\/mastinell.agencialiverpool.test\\\/escapada-al-penedes-en-primavera\\\/#primaryimage\",\"url\":\"https:\\\/\\\/shop.mastinell.com\\\/wp-content\\\/uploads\\\/2021\\\/04\\\/entrada-1.jpg\",\"contentUrl\":\"https:\\\/\\\/shop.mastinell.com\\\/wp-content\\\/uploads\\\/2021\\\/04\\\/entrada-1.jpg\",\"width\":660,\"height\":400},{\"@type\":\"BreadcrumbList\",\"@id\":\"https:\\\/\\\/mastinell.agencialiverpool.test\\\/escapada-al-penedes-en-primavera\\\/#breadcrumb\",\"itemListElement\":[{\"@type\":\"ListItem\",\"position\":1,\"name\":\"Home\",\"item\":\"https:\\\/\\\/shop.mastinell.com\\\/ca\\\/tienda\\\/\"},{\"@type\":\"ListItem\",\"position\":2,\"name\":\"Escapada al Pened\u00e9s en primavera con Mastinell\"}]},{\"@type\":\"WebSite\",\"@id\":\"https:\\\/\\\/mastinell.agencialiverpool.test\\\/#website\",\"url\":\"https:\\\/\\\/mastinell.agencialiverpool.test\\\/\",\"name\":\"Mastinell\",\"description\":\"Tienda Oficial\",\"publisher\":{\"@id\":\"https:\\\/\\\/mastinell.agencialiverpool.test\\\/#organization\"},\"potentialAction\":[{\"@type\":\"SearchAction\",\"target\":{\"@type\":\"EntryPoint\",\"urlTemplate\":\"https:\\\/\\\/mastinell.agencialiverpool.test\\\/?s={search_term_string}\"},\"query-input\":{\"@type\":\"PropertyValueSpecification\",\"valueRequired\":true,\"valueName\":\"search_term_string\"}}],\"inLanguage\":\"ca\"},{\"@type\":\"Organization\",\"@id\":\"https:\\\/\\\/mastinell.agencialiverpool.test\\\/#organization\",\"name\":\"Mastinell\",\"url\":\"https:\\\/\\\/mastinell.agencialiverpool.test\\\/\",\"logo\":{\"@type\":\"ImageObject\",\"inLanguage\":\"ca\",\"@id\":\"https:\\\/\\\/mastinell.agencialiverpool.test\\\/#\\\/schema\\\/logo\\\/image\\\/\",\"url\":\"https:\\\/\\\/shop.mastinell.com\\\/wp-content\\\/uploads\\\/2025\\\/01\\\/Mastinell-Cava-y-Hotel-scaled-1.webp\",\"contentUrl\":\"https:\\\/\\\/shop.mastinell.com\\\/wp-content\\\/uploads\\\/2025\\\/01\\\/Mastinell-Cava-y-Hotel-scaled-1.webp\",\"width\":2560,\"height\":531,\"caption\":\"Mastinell\"},\"image\":{\"@id\":\"https:\\\/\\\/mastinell.agencialiverpool.test\\\/#\\\/schema\\\/logo\\\/image\\\/\"},\"sameAs\":[\"https:\\\/\\\/www.facebook.com\\\/CavaHotelMastinell\",\"https:\\\/\\\/www.instagram.com\\\/cavahotel_mastinell\\\/?hl=es\"]},{\"@type\":\"Person\",\"@id\":\"https:\\\/\\\/mastinell.agencialiverpool.test\\\/#\\\/schema\\\/person\\\/5037a6d9f8f9923bec5e85a602790b47\",\"name\":\"Bruguers\",\"image\":{\"@type\":\"ImageObject\",\"inLanguage\":\"ca\",\"@id\":\"https:\\\/\\\/secure.gravatar.com\\\/avatar\\\/9c599e37e7a1b0e20813170ba515c003ffc34ffb12a941ceba7f1a52326b88e4?s=96&d=mm&r=g\",\"url\":\"https:\\\/\\\/secure.gravatar.com\\\/avatar\\\/9c599e37e7a1b0e20813170ba515c003ffc34ffb12a941ceba7f1a52326b88e4?s=96&d=mm&r=g\",\"contentUrl\":\"https:\\\/\\\/secure.gravatar.com\\\/avatar\\\/9c599e37e7a1b0e20813170ba515c003ffc34ffb12a941ceba7f1a52326b88e4?s=96&d=mm&r=g\",\"caption\":\"Bruguers\"},\"url\":\"https:\\\/\\\/shop.mastinell.com\\\/ca\\\/author\\\/bruguers\\\/\"}]}<\/script>\n<!-- \/ Yoast SEO plugin. -->","yoast_head_json":{"title":"Escapada al Pened\u00e9s en primavera con Mastinell - Mastinell","robots":{"index":"index","follow":"follow","max-snippet":"max-snippet:-1","max-image-preview":"max-image-preview:large","max-video-preview":"max-video-preview:-1"},"canonical":"https:\/\/mastinell.agencialiverpool.test\/escapada-al-penedes-en-primavera\/","og_locale":"ca_ES","og_type":"article","og_title":"Escapada al Pened\u00e9s en primavera con Mastinell - Mastinell","og_description":"Una escapada al Pened\u00e9s: una joya por descubrir cerca ti. Seguro que a estas alturas, te apetece desconectar, despejar tu mente, tu cuerpo y tu alma, disfrutar de libertad y del aire libre. Y seguro que te has dado cuenta de que en el Pened\u00e9s tenemos joyas por descubrir cerca de casa. Por eso, te [&hellip;]","og_url":"https:\/\/mastinell.agencialiverpool.test\/escapada-al-penedes-en-primavera\/","og_site_name":"Mastinell","article_publisher":"https:\/\/www.facebook.com\/CavaHotelMastinell","article_published_time":"2021-06-14T16:34:13+00:00","article_modified_time":"2022-01-12T11:28:52+00:00","og_image":[{"width":660,"height":400,"url":"https:\/\/mastinell.agencialiverpool.test\/wp-content\/uploads\/2021\/04\/entrada-1.jpg","type":"image\/jpeg"}],"author":"Bruguers","twitter_card":"summary_large_image","twitter_misc":{"Escrit per":"Bruguers","Temps estimat de lectura":"2 minuts"},"schema":{"@context":"https:\/\/schema.org","@graph":[{"@type":"Article","@id":"https:\/\/mastinell.agencialiverpool.test\/escapada-al-penedes-en-primavera\/#article","isPartOf":{"@id":"https:\/\/mastinell.agencialiverpool.test\/escapada-al-penedes-en-primavera\/"},"author":{"name":"Bruguers","@id":"https:\/\/mastinell.agencialiverpool.test\/#\/schema\/person\/5037a6d9f8f9923bec5e85a602790b47"},"headline":"Escapada al Pened\u00e9s en primavera con Mastinell","datePublished":"2021-06-14T16:34:13+00:00","dateModified":"2022-01-12T11:28:52+00:00","mainEntityOfPage":{"@id":"https:\/\/mastinell.agencialiverpool.test\/escapada-al-penedes-en-primavera\/"},"wordCount":416,"publisher":{"@id":"https:\/\/mastinell.agencialiverpool.test\/#organization"},"image":{"@id":"https:\/\/mastinell.agencialiverpool.test\/escapada-al-penedes-en-primavera\/#primaryimage"},"thumbnailUrl":"https:\/\/shop.mastinell.com\/wp-content\/uploads\/2021\/04\/entrada-1.jpg","articleSection":["Sin categorizar"],"inLanguage":"ca"},{"@type":"WebPage","@id":"https:\/\/mastinell.agencialiverpool.test\/escapada-al-penedes-en-primavera\/","url":"https:\/\/mastinell.agencialiverpool.test\/escapada-al-penedes-en-primavera\/","name":"Escapada al Pened\u00e9s en primavera con Mastinell - Mastinell","isPartOf":{"@id":"https:\/\/mastinell.agencialiverpool.test\/#website"},"primaryImageOfPage":{"@id":"https:\/\/mastinell.agencialiverpool.test\/escapada-al-penedes-en-primavera\/#primaryimage"},"image":{"@id":"https:\/\/mastinell.agencialiverpool.test\/escapada-al-penedes-en-primavera\/#primaryimage"},"thumbnailUrl":"https:\/\/shop.mastinell.com\/wp-content\/uploads\/2021\/04\/entrada-1.jpg","datePublished":"2021-06-14T16:34:13+00:00","dateModified":"2022-01-12T11:28:52+00:00","breadcrumb":{"@id":"https:\/\/mastinell.agencialiverpool.test\/escapada-al-penedes-en-primavera\/#breadcrumb"},"inLanguage":"ca","potentialAction":[{"@type":"ReadAction","target":["https:\/\/mastinell.agencialiverpool.test\/escapada-al-penedes-en-primavera\/"]}]},{"@type":"ImageObject","inLanguage":"ca","@id":"https:\/\/mastinell.agencialiverpool.test\/escapada-al-penedes-en-primavera\/#primaryimage","url":"https:\/\/shop.mastinell.com\/wp-content\/uploads\/2021\/04\/entrada-1.jpg","contentUrl":"https:\/\/shop.mastinell.com\/wp-content\/uploads\/2021\/04\/entrada-1.jpg","width":660,"height":400},{"@type":"BreadcrumbList","@id":"https:\/\/mastinell.agencialiverpool.test\/escapada-al-penedes-en-primavera\/#breadcrumb","itemListElement":[{"@type":"ListItem","position":1,"name":"Home","item":"https:\/\/shop.mastinell.com\/ca\/tienda\/"},{"@type":"ListItem","position":2,"name":"Escapada al Pened\u00e9s en primavera con Mastinell"}]},{"@type":"WebSite","@id":"https:\/\/mastinell.agencialiverpool.test\/#website","url":"https:\/\/mastinell.agencialiverpool.test\/","name":"Mastinell","description":"Tienda Oficial","publisher":{"@id":"https:\/\/mastinell.agencialiverpool.test\/#organization"},"potentialAction":[{"@type":"SearchAction","target":{"@type":"EntryPoint","urlTemplate":"https:\/\/mastinell.agencialiverpool.test\/?s={search_term_string}"},"query-input":{"@type":"PropertyValueSpecification","valueRequired":true,"valueName":"search_term_string"}}],"inLanguage":"ca"},{"@type":"Organization","@id":"https:\/\/mastinell.agencialiverpool.test\/#organization","name":"Mastinell","url":"https:\/\/mastinell.agencialiverpool.test\/","logo":{"@type":"ImageObject","inLanguage":"ca","@id":"https:\/\/mastinell.agencialiverpool.test\/#\/schema\/logo\/image\/","url":"https:\/\/shop.mastinell.com\/wp-content\/uploads\/2025\/01\/Mastinell-Cava-y-Hotel-scaled-1.webp","contentUrl":"https:\/\/shop.mastinell.com\/wp-content\/uploads\/2025\/01\/Mastinell-Cava-y-Hotel-scaled-1.webp","width":2560,"height":531,"caption":"Mastinell"},"image":{"@id":"https:\/\/mastinell.agencialiverpool.test\/#\/schema\/logo\/image\/"},"sameAs":["https:\/\/www.facebook.com\/CavaHotelMastinell","https:\/\/www.instagram.com\/cavahotel_mastinell\/?hl=es"]},{"@type":"Person","@id":"https:\/\/mastinell.agencialiverpool.test\/#\/schema\/person\/5037a6d9f8f9923bec5e85a602790b47","name":"Bruguers","image":{"@type":"ImageObject","inLanguage":"ca","@id":"https:\/\/secure.gravatar.com\/avatar\/9c599e37e7a1b0e20813170ba515c003ffc34ffb12a941ceba7f1a52326b88e4?s=96&d=mm&r=g","url":"https:\/\/secure.gravatar.com\/avatar\/9c599e37e7a1b0e20813170ba515c003ffc34ffb12a941ceba7f1a52326b88e4?s=96&d=mm&r=g","contentUrl":"https:\/\/secure.gravatar.com\/avatar\/9c599e37e7a1b0e20813170ba515c003ffc34ffb12a941ceba7f1a52326b88e4?s=96&d=mm&r=g","caption":"Bruguers"},"url":"https:\/\/shop.mastinell.com\/ca\/author\/bruguers\/"}]}},"_links":{"self":[{"href":"https:\/\/shop.mastinell.com\/ca\/wp-json\/wp\/v2\/posts\/17762","targetHints":{"allow":["GET"]}}],"collection":[{"href":"https:\/\/shop.mastinell.com\/ca\/wp-json\/wp\/v2\/posts"}],"about":[{"href":"https:\/\/shop.mastinell.com\/ca\/wp-json\/wp\/v2\/types\/post"}],"author":[{"embeddable":true,"href":"https:\/\/shop.mastinell.com\/ca\/wp-json\/wp\/v2\/users\/2"}],"replies":[{"embeddable":true,"href":"https:\/\/shop.mastinell.com\/ca\/wp-json\/wp\/v2\/comments?post=17762"}],"version-history":[{"count":1,"href":"https:\/\/shop.mastinell.com\/ca\/wp-json\/wp\/v2\/posts\/17762\/revisions"}],"predecessor-version":[{"id":23447,"href":"https:\/\/shop.mastinell.com\/ca\/wp-json\/wp\/v2\/posts\/17762\/revisions\/23447"}],"wp:featuredmedia":[{"embeddable":true,"href":"https:\/\/shop.mastinell.com\/ca\/wp-json\/wp\/v2\/media\/17763"}],"wp:attachment":[{"href":"https:\/\/shop.mastinell.com\/ca\/wp-json\/wp\/v2\/media?parent=17762"}],"wp:term":[{"taxonomy":"category","embeddable":true,"href":"https:\/\/shop.mastinell.com\/ca\/wp-json\/wp\/v2\/categories?post=17762"},{"taxonomy":"post_tag","embeddable":true,"href":"https:\/\/shop.mastinell.com\/ca\/wp-json\/wp\/v2\/tags?post=17762"}],"curies":[{"name":"wp","href":"https:\/\/api.w.org\/{rel}","templated":true}]}}